{"id":752,"date":"2019-09-01T11:38:19","date_gmt":"2019-09-01T11:38:19","guid":{"rendered":"http:\/\/www.aldeiaoliveiras.com\/en\/?p=752"},"modified":"2019-09-10T14:53:18","modified_gmt":"2019-09-10T14:53:18","slug":"despedida-do-verao-na-aldeia-oliveiras","status":"publish","type":"post","link":"https:\/\/www.aldeiaoliveiras.com\/en\/despedida-do-verao-na-aldeia-oliveiras\/","title":{"rendered":"Despedida do ver\u00e3o na Aldeia Oliveiras"},"content":{"rendered":"<p>\u00c0 semelhan\u00e7a do ano passado a Aldeia Oliveiras volta a receber este ano o espet\u00e1culo de Despedida do Ver\u00e3o das Aldeias do Xisto. Ser\u00e1 no dia 21 de setembro, pelas 21h, canto l\u00edrico por uma artista local. haver\u00e1 tamb\u00e9m muita anima\u00e7\u00e3o por parte dos residentes que j\u00e1 nos habituaram \u00e0 sua boa disposi\u00e7\u00e3o.<\/p>\n","protected":false},"excerpt":{"rendered":"<p>\u00c0 semelhan\u00e7a do ano passado a Aldeia Oliveiras volta a receber este ano o espet\u00e1culo de Despedida do Ver\u00e3o das [&hellip;]<\/p>\n","protected":false},"author":1,"featured_media":764,"comment_status":"open","ping_status":"open","sticky":false,"template":"","format":"standard","meta":{"_acf_changed":false,"footnotes":""},"categories":[1],"tags":[],"class_list":["post-752","post","type-post","status-publish","format-standard","has-post-thumbnail","hentry","category-noticias"],"acf":[],"_links":{"self":[{"href":"https:\/\/www.aldeiaoliveiras.com\/en\/wp-json\/wp\/v2\/posts\/752","targetHints":{"allow":["GET"]}}],"collection":[{"href":"https:\/\/www.aldeiaoliveiras.com\/en\/wp-json\/wp\/v2\/posts"}],"about":[{"href":"https:\/\/www.aldeiaoliveiras.com\/en\/wp-json\/wp\/v2\/types\/post"}],"author":[{"embeddable":true,"href":"https:\/\/www.aldeiaoliveiras.com\/en\/wp-json\/wp\/v2\/users\/1"}],"replies":[{"embeddable":true,"href":"https:\/\/www.aldeiaoliveiras.com\/en\/wp-json\/wp\/v2\/comments?post=752"}],"version-history":[{"count":1,"href":"https:\/\/www.aldeiaoliveiras.com\/en\/wp-json\/wp\/v2\/posts\/752\/revisions"}],"predecessor-version":[{"id":754,"href":"https:\/\/www.aldeiaoliveiras.com\/en\/wp-json\/wp\/v2\/posts\/752\/revisions\/754"}],"wp:featuredmedia":[{"embeddable":true,"href":"https:\/\/www.aldeiaoliveiras.com\/en\/wp-json\/wp\/v2\/media\/764"}],"wp:attachment":[{"href":"https:\/\/www.aldeiaoliveiras.com\/en\/wp-json\/wp\/v2\/media?parent=752"}],"wp:term":[{"taxonomy":"category","embeddable":true,"href":"https:\/\/www.aldeiaoliveiras.com\/en\/wp-json\/wp\/v2\/categories?post=752"},{"taxonomy":"post_tag","embeddable":true,"href":"https:\/\/www.aldeiaoliveiras.com\/en\/wp-json\/wp\/v2\/tags?post=752"}],"curies":[{"name":"wp","href":"https:\/\/api.w.org\/{rel}","templated":true}]}}